{"id":3364,"date":"2026-02-25T20:27:43","date_gmt":"2026-02-25T20:27:43","guid":{"rendered":"https:\/\/esportscalp.es\/?p=3364"},"modified":"2026-02-25T20:29:21","modified_gmt":"2026-02-25T20:29:21","slug":"el-ayuntamiento-de-calp-instala-un-gimnasio-exterior-gratuito-el-segundo-de-sus-caracteristicas-en-espana","status":"publish","type":"post","link":"https:\/\/esportscalp.es\/va\/el-ayuntamiento-de-calp-instala-un-gimnasio-exterior-gratuito-el-segundo-de-sus-caracteristicas-en-espana\/","title":{"rendered":"L'AJUNTAMENT DE CALP INSTAL\u00b7LA UN GIMN\u00c0S EXTERIOR GRATU\u00cfT, EL SEGON DE LES SEUES CARACTER\u00cdSTIQUES A ESPANYA"},"content":{"rendered":"<p>L'Ajuntament de Calp est\u00e0 instal\u00b7lant un innovador gimn\u00e0s exterior amb peses de c\u00e0rrega variable a les instal\u00b7lacions esportives municipals, junt a la Pista Blava, en la fa\u00e7ana sud orientada cap a l'avinguda del Pa\u00eds Valenci\u00e0. Amb una inversi\u00f3 de 125.719 euros, es tracta d'un dels pocs espais d'estes caracter\u00edstiques en tota Espanya: fins ara nom\u00e9s existia un equipament similar a Barcelona, i a partir d'ara tamb\u00e9 estar\u00e0 disponible a Calp.<\/p>\n\n\n\n<p>El nou espai esportiu, concebut per a l'entrenament a l'aire lliure de persones de diferents edats i capacitats f\u00edsiques, estar\u00e0 equipat amb m\u00e0quines professionals de musculaci\u00f3 amb pes ajustable: prensa de pit, rem vertical (jal\u00f3) per a esquena, prensa de cames, prensa de muscles, rem horitzontal, estaci\u00f3 de cross training de tres zones i estaci\u00f3 de dominades, entre altres elements. Tot l'equipament est\u00e0 dissenyat i certificat per a la seua instal\u00b7laci\u00f3 en exterior, amb carcasses protectores que cobrixen les parts m\u00f2bils i sistemes de seguretat que eviten atrapaments i actes vand\u00e0lics.<\/p>\n\n\n\n<p>Els treballs de muntatge es troben ja en la seua fase final i, una vegada completada la instal\u00b7laci\u00f3, l'\u00e0rea haur\u00e0 de superar la corresponent certificaci\u00f3 de seguretat segons la norma UNE-EN 16630 d'equipaments de fitnes a l'aire lliure. La previsi\u00f3 municipal \u00e9s que el gimn\u00e0s puga obrir-se al p\u00fablic durant la primera setmana de mar\u00e7, sempre que concloguen els tr\u00e0mits t\u00e8cnics i administratius previstos en el contracte.<\/p>\n\n\n\n<figure class=\"wp-block-image size-large is-resized\"><img loading=\"lazy\" decoding=\"async\" width=\"1024\" height=\"577\" src=\"https:\/\/esportscalp.es\/wp-content\/uploads\/2026\/02\/Captura-de-pantalla-2026-02-14-a-las-12.26.28-1024x577.png\" alt=\"\" class=\"wp-image-3308\" style=\"aspect-ratio:1.7747395115496996;width:1042px;height:auto\" srcset=\"https:\/\/esportscalp.es\/wp-content\/uploads\/2026\/02\/Captura-de-pantalla-2026-02-14-a-las-12.26.28-1024x577.png 1024w, https:\/\/esportscalp.es\/wp-content\/uploads\/2026\/02\/Captura-de-pantalla-2026-02-14-a-las-12.26.28-300x169.png 300w, https:\/\/esportscalp.es\/wp-content\/uploads\/2026\/02\/Captura-de-pantalla-2026-02-14-a-las-12.26.28-2000x1127.png 2000w, https:\/\/esportscalp.es\/wp-content\/uploads\/2026\/02\/Captura-de-pantalla-2026-02-14-a-las-12.26.28-scaled-18x10.png 18w\" sizes=\"auto, (max-width: 1024px) 100vw, 1024px\" \/><\/figure>\n\n\n\n<p>A m\u00e9s de l'equipament mec\u00e0nic, el projecte incorpora una dimensi\u00f3 tecnol\u00f2gica. Totes les m\u00e0quines estaran connectades a una aplicaci\u00f3 m\u00f2bil accessible mitjan\u00e7ant un codi QR instal\u00b7lat en els panells informatius del recinte. A trav\u00e9s d'esta app, els usuaris podran consultar v\u00eddeos demostratius dels exercicis, seguir plans d'entrenament de distints nivells i objectius (posada en forma, p\u00e8rdua de pes, enfortiment general, treball actiu per a majors) i guardar el registre de les seues sessions per a planificar les seues rutines de manera personalitzada.<\/p>\n\n\n\n<p>El gimn\u00e0s exterior de la Pista Blava s'emmarca en l'estrat\u00e8gia de l'Ajuntament de Calp per a fomentar h\u00e0bits de vida saludables i ampliar l'oferta esportiva municipal amb instal\u00b7lacions m\u00e9s modernes, accessibles i gratu\u00eftes, que permeten a la ciutadania practicar exercici f\u00edsic a l'aire lliure durant tot l'any.<\/p>","protected":false},"excerpt":{"rendered":"<p>El Ayuntamiento de Calp est\u00e1 instalando un innovador gimnasio exterior con pesas de carga variable en las instalaciones deportivas municipales, junto a la Pista Azul (Pista Blava), en la fachada sur orientada hacia la avenida del Pa\u00eds Valenci\u00e0. Con una inversi\u00f3n de 125.719 euros, se trata de uno de los pocos espacios de estas caracter\u00edsticas &hellip; <\/p>\n<p class=\"link-more\"><a href=\"https:\/\/esportscalp.es\/va\/el-ayuntamiento-de-calp-instala-un-gimnasio-exterior-gratuito-el-segundo-de-sus-caracteristicas-en-espana\/\" class=\"more-link\">Read more<span class=\"screen-reader-text\"> \u00abEL AYUNTAMIENTO DE CALP INSTALA UN GIMNASIO EXTERIOR GRATUITO, EL SEGUNDO DE SUS CARACTER\u00cdSTICAS EN ESPA\u00d1A\u00bb<\/span><\/a><\/p>","protected":false},"author":1,"featured_media":3307,"comment_status":"closed","ping_status":"closed","sticky":false,"template":"","format":"standard","meta":{"_uag_custom_page_level_css":"","footnotes":""},"categories":[1],"tags":[],"class_list":["post-3364","post","type-post","status-publish","format-standard","has-post-thumbnail","hentry","category-uncategorized"],"aioseo_notices":[],"uagb_featured_image_src":{"full":["https:\/\/esportscalp.es\/wp-content\/uploads\/2026\/02\/Captura-de-pantalla-2026-02-14-a-las-12.26.46.png",2260,1320,false],"thumbnail":["https:\/\/esportscalp.es\/wp-content\/uploads\/2026\/02\/Captura-de-pantalla-2026-02-14-a-las-12.26.46-150x150.png",150,150,true],"medium":["https:\/\/esportscalp.es\/wp-content\/uploads\/2026\/02\/Captura-de-pantalla-2026-02-14-a-las-12.26.46-300x175.png",300,175,true],"medium_large":["https:\/\/esportscalp.es\/wp-content\/uploads\/2026\/02\/Captura-de-pantalla-2026-02-14-a-las-12.26.46.png",768,449,false],"large":["https:\/\/esportscalp.es\/wp-content\/uploads\/2026\/02\/Captura-de-pantalla-2026-02-14-a-las-12.26.46-1024x598.png",950,555,true],"1536x1536":["https:\/\/esportscalp.es\/wp-content\/uploads\/2026\/02\/Captura-de-pantalla-2026-02-14-a-las-12.26.46-1536x897.png",1536,897,true],"2048x2048":["https:\/\/esportscalp.es\/wp-content\/uploads\/2026\/02\/Captura-de-pantalla-2026-02-14-a-las-12.26.46-2048x1196.png",2048,1196,true],"trp-custom-language-flag":["https:\/\/esportscalp.es\/wp-content\/uploads\/2026\/02\/Captura-de-pantalla-2026-02-14-a-las-12.26.46-18x12.png",18,12,true],"inspiro-featured-image":["https:\/\/esportscalp.es\/wp-content\/uploads\/2026\/02\/Captura-de-pantalla-2026-02-14-a-las-12.26.46-2000x1168.png",2000,1168,true],"inspiro-loop":["https:\/\/esportscalp.es\/wp-content\/uploads\/2026\/02\/Captura-de-pantalla-2026-02-14-a-las-12.26.46-950x320.png",950,320,true],"inspiro-loop@2x":["https:\/\/esportscalp.es\/wp-content\/uploads\/2026\/02\/Captura-de-pantalla-2026-02-14-a-las-12.26.46-1900x640.png",1900,640,true]},"uagb_author_info":{"display_name":"@esportscalp","author_link":"https:\/\/esportscalp.es\/va\/author\/esportscalpgmail-com\/"},"uagb_comment_info":0,"uagb_excerpt":"El Ayuntamiento de Calp est\u00e1 instalando un innovador gimnasio exterior con pesas de carga variable en las instalaciones deportivas municipales, junto a la Pista Azul (Pista Blava), en la fachada sur orientada hacia la avenida del Pa\u00eds Valenci\u00e0. Con una inversi\u00f3n de 125.719 euros, se trata de uno de los pocos espacios de estas caracter\u00edsticas&hellip;","_links":{"self":[{"href":"https:\/\/esportscalp.es\/va\/wp-json\/wp\/v2\/posts\/3364","targetHints":{"allow":["GET"]}}],"collection":[{"href":"https:\/\/esportscalp.es\/va\/wp-json\/wp\/v2\/posts"}],"about":[{"href":"https:\/\/esportscalp.es\/va\/wp-json\/wp\/v2\/types\/post"}],"author":[{"embeddable":true,"href":"https:\/\/esportscalp.es\/va\/wp-json\/wp\/v2\/users\/1"}],"replies":[{"embeddable":true,"href":"https:\/\/esportscalp.es\/va\/wp-json\/wp\/v2\/comments?post=3364"}],"version-history":[{"count":3,"href":"https:\/\/esportscalp.es\/va\/wp-json\/wp\/v2\/posts\/3364\/revisions"}],"predecessor-version":[{"id":3369,"href":"https:\/\/esportscalp.es\/va\/wp-json\/wp\/v2\/posts\/3364\/revisions\/3369"}],"wp:featuredmedia":[{"embeddable":true,"href":"https:\/\/esportscalp.es\/va\/wp-json\/wp\/v2\/media\/3307"}],"wp:attachment":[{"href":"https:\/\/esportscalp.es\/va\/wp-json\/wp\/v2\/media?parent=3364"}],"wp:term":[{"taxonomy":"category","embeddable":true,"href":"https:\/\/esportscalp.es\/va\/wp-json\/wp\/v2\/categories?post=3364"},{"taxonomy":"post_tag","embeddable":true,"href":"https:\/\/esportscalp.es\/va\/wp-json\/wp\/v2\/tags?post=3364"}],"curies":[{"name":"wp","href":"https:\/\/api.w.org\/{rel}","templated":true}]}}